{"id":6472,"date":"2025-04-04T13:59:42","date_gmt":"2025-04-04T12:59:42","guid":{"rendered":"https:\/\/debergop.be\/?p=6472"},"modified":"2025-04-10T10:47:15","modified_gmt":"2025-04-10T09:47:15","slug":"wereldwaterdag-2025-en-broederlijk-delen","status":"publish","type":"post","link":"https:\/\/debergop.be\/?p=6472","title":{"rendered":"Wereldwaterdag 2025 en Broederlijk Delen"},"content":{"rendered":"\n<p>Vandaag, 4 april, hielden wij onze actie voor Wereldwaterdag en Broederlijk Delen.<br>Alles stond dit jaar in het teken van het waterverbruik bij ons en de vergelijking met het land Benin waar er water te kort is.<\/p>\n\n\n\n<figure class=\"wp-block-image is-resized\"><img loading=\"lazy\" decoding=\"async\" width=\"1920\" height=\"2560\" src=\"https:\/\/debergop.be\/wp-content\/uploads\/2025\/04\/20250404_084340-scaled.jpg\" alt=\"\" class=\"wp-image-6478\" style=\"width:235px;height:auto\" srcset=\"https:\/\/debergop.be\/wp-content\/uploads\/2025\/04\/20250404_084340-scaled.jpg 1920w, https:\/\/debergop.be\/wp-content\/uploads\/2025\/04\/20250404_084340-225x300.jpg 225w, https:\/\/debergop.be\/wp-content\/uploads\/2025\/04\/20250404_084340-768x1024.jpg 768w, https:\/\/debergop.be\/wp-content\/uploads\/2025\/04\/20250404_084340-1152x1536.jpg 1152w, https:\/\/debergop.be\/wp-content\/uploads\/2025\/04\/20250404_084340-1536x2048.jpg 1536w\" sizes=\"auto, (max-width: 1920px) 100vw, 1920px\" \/><\/figure>\n\n\n\n<p>Het pad naar onze voordeur toe bracht ons meteen in het thema van de dag.<br>Op de banners konden de ouders en leerlingen nog eens kennis maken met kinderen uit P\u00e8r\u00e8r\u00e8 en de manier waarop zij leven.<\/p>\n\n\n\n<figure class=\"wp-block-image size-large is-resized\"><a href=\"https:\/\/debergop.be\/wp-content\/uploads\/2025\/04\/image.jpeg\"><img loading=\"lazy\" decoding=\"async\" width=\"768\" height=\"1024\" src=\"https:\/\/debergop.be\/wp-content\/uploads\/2025\/04\/image-768x1024.jpeg\" alt=\"Deze afbeelding heeft een leeg alt-attribuut; de bestandsnaam is 20250404_084358-scaled.jpg\" class=\"wp-image-6482\" style=\"width:238px;height:auto\" srcset=\"https:\/\/debergop.be\/wp-content\/uploads\/2025\/04\/image-768x1024.jpeg 768w, https:\/\/debergop.be\/wp-content\/uploads\/2025\/04\/image-225x300.jpeg 225w, https:\/\/debergop.be\/wp-content\/uploads\/2025\/04\/image-1152x1536.jpeg 1152w, https:\/\/debergop.be\/wp-content\/uploads\/2025\/04\/image-1536x2048.jpeg 1536w, https:\/\/debergop.be\/wp-content\/uploads\/2025\/04\/image.jpeg 1920w\" sizes=\"auto, (max-width: 768px) 100vw, 768px\" \/><\/a><\/figure>\n\n\n\n<p>Bij het binnenkomen kreeg elke leerling een waterdruppel op het gezicht geschilderd.<\/p>\n\n\n\n<figure class=\"wp-block-image is-resized\"><img loading=\"lazy\" decoding=\"async\" width=\"1920\" height=\"2560\" src=\"https:\/\/debergop.be\/wp-content\/uploads\/2025\/04\/20250404_082442-scaled.jpg\" alt=\"\" class=\"wp-image-6481\" style=\"width:280px;height:auto\" srcset=\"https:\/\/debergop.be\/wp-content\/uploads\/2025\/04\/20250404_082442-scaled.jpg 1920w, https:\/\/debergop.be\/wp-content\/uploads\/2025\/04\/20250404_082442-225x300.jpg 225w, https:\/\/debergop.be\/wp-content\/uploads\/2025\/04\/20250404_082442-768x1024.jpg 768w, https:\/\/debergop.be\/wp-content\/uploads\/2025\/04\/20250404_082442-1152x1536.jpg 1152w, https:\/\/debergop.be\/wp-content\/uploads\/2025\/04\/20250404_082442-1536x2048.jpg 1536w\" sizes=\"auto, (max-width: 1920px) 100vw, 1920px\" \/><\/figure>\n\n\n\n<p>Na de bel vertrokken zowel de kleuterklassen, als de lagere klassen, op hun sponsortocht door Tiegem. Op verschillende stopplaatsen leerden ze hun eigen waterverbruik kennen en vergeleken dit met het waterverbruik in Benin.<br>&#8217;s Middags was er dan voor alle leerlingen een sobermaal.<br>Het geld dat de sponsortocht en het sobermaal opbrachten, wordt geschonken aan P\u00e8r\u00e8r\u00e8, waarmee de gemeente Anzegem een stedenband heeft.<br>Daar zullen de centjes goed van pas komen om de watervoorziening uit te breiden.<br><br>In de namiddag werkte het derde leerjaar onze geveltuintjes af.<br>Deze zullen na de vakantie officieel geopend worden door iemand van het gemeentebestuur.<br><\/p>\n\n\n\n<figure class=\"wp-block-image is-resized\"><img loading=\"lazy\" decoding=\"async\" width=\"2048\" height=\"1536\" src=\"https:\/\/debergop.be\/wp-content\/uploads\/2025\/04\/IMG-20250404-WA0030.jpg\" alt=\"\" class=\"wp-image-6485\" style=\"width:316px;height:auto\" srcset=\"https:\/\/debergop.be\/wp-content\/uploads\/2025\/04\/IMG-20250404-WA0030.jpg 2048w, https:\/\/debergop.be\/wp-content\/uploads\/2025\/04\/IMG-20250404-WA0030-300x225.jpg 300w, https:\/\/debergop.be\/wp-content\/uploads\/2025\/04\/IMG-20250404-WA0030-1024x768.jpg 1024w, https:\/\/debergop.be\/wp-content\/uploads\/2025\/04\/IMG-20250404-WA0030-768x576.jpg 768w, https:\/\/debergop.be\/wp-content\/uploads\/2025\/04\/IMG-20250404-WA0030-1536x1152.jpg 1536w, https:\/\/debergop.be\/wp-content\/uploads\/2025\/04\/IMG-20250404-WA0030-400x300.jpg 400w\" sizes=\"auto, (max-width: 2048px) 100vw, 2048px\" \/><\/figure>\n\n\n\n<figure class=\"wp-block-image is-resized\"><img loading=\"lazy\" decoding=\"async\" width=\"900\" height=\"2000\" src=\"https:\/\/debergop.be\/wp-content\/uploads\/2025\/04\/IMG-20250404-WA0118.jpg\" alt=\"\" class=\"wp-image-6486\" style=\"width:201px;height:auto\" srcset=\"https:\/\/debergop.be\/wp-content\/uploads\/2025\/04\/IMG-20250404-WA0118.jpg 900w, https:\/\/debergop.be\/wp-content\/uploads\/2025\/04\/IMG-20250404-WA0118-135x300.jpg 135w, https:\/\/debergop.be\/wp-content\/uploads\/2025\/04\/IMG-20250404-WA0118-461x1024.jpg 461w, https:\/\/debergop.be\/wp-content\/uploads\/2025\/04\/IMG-20250404-WA0118-768x1707.jpg 768w, https:\/\/debergop.be\/wp-content\/uploads\/2025\/04\/IMG-20250404-WA0118-691x1536.jpg 691w\" sizes=\"auto, (max-width: 900px) 100vw, 900px\" \/><\/figure>\n\n\n\n<figure class=\"wp-block-image is-resized\"><img loading=\"lazy\" decoding=\"async\" width=\"1536\" height=\"2048\" src=\"https:\/\/debergop.be\/wp-content\/uploads\/2025\/04\/IMG-20250404-WA0034.jpg\" alt=\"\" class=\"wp-image-6484\" style=\"width:274px;height:auto\" srcset=\"https:\/\/debergop.be\/wp-content\/uploads\/2025\/04\/IMG-20250404-WA0034.jpg 1536w, https:\/\/debergop.be\/wp-content\/uploads\/2025\/04\/IMG-20250404-WA0034-225x300.jpg 225w, https:\/\/debergop.be\/wp-content\/uploads\/2025\/04\/IMG-20250404-WA0034-768x1024.jpg 768w, https:\/\/debergop.be\/wp-content\/uploads\/2025\/04\/IMG-20250404-WA0034-1152x1536.jpg 1152w\" sizes=\"auto, (max-width: 1536px) 100vw, 1536px\" \/><\/figure>\n\n\n\n<p><\/p>\n","protected":false},"excerpt":{"rendered":"<p>Vandaag, 4 april, hielden wij onze actie voor Wereldwaterdag en Broederlijk Delen.Alles stond dit jaar in het teken van het waterverbruik bij ons en de vergelijking met het land Benin waar er water te kort is. Het pad naar onze &hellip; <a href=\"https:\/\/debergop.be\/?p=6472\">Lees verder <span class=\"meta-nav\">&rarr;<\/span><\/a><\/p>\n","protected":false},"author":4,"featured_media":0,"comment_status":"closed","ping_status":"closed","sticky":false,"template":"","format":"standard","meta":{"footnotes":""},"categories":[3],"tags":[],"class_list":["post-6472","post","type-post","status-publish","format-standard","hentry","category-schoolnieuws"],"_links":{"self":[{"href":"https:\/\/debergop.be\/index.php?rest_route=\/wp\/v2\/posts\/6472","targetHints":{"allow":["GET"]}}],"collection":[{"href":"https:\/\/debergop.be\/index.php?rest_route=\/wp\/v2\/posts"}],"about":[{"href":"https:\/\/debergop.be\/index.php?rest_route=\/wp\/v2\/types\/post"}],"author":[{"embeddable":true,"href":"https:\/\/debergop.be\/index.php?rest_route=\/wp\/v2\/users\/4"}],"replies":[{"embeddable":true,"href":"https:\/\/debergop.be\/index.php?rest_route=%2Fwp%2Fv2%2Fcomments&post=6472"}],"version-history":[{"count":0,"href":"https:\/\/debergop.be\/index.php?rest_route=\/wp\/v2\/posts\/6472\/revisions"}],"wp:attachment":[{"href":"https:\/\/debergop.be\/index.php?rest_route=%2Fwp%2Fv2%2Fmedia&parent=6472"}],"wp:term":[{"taxonomy":"category","embeddable":true,"href":"https:\/\/debergop.be\/index.php?rest_route=%2Fwp%2Fv2%2Fcategories&post=6472"},{"taxonomy":"post_tag","embeddable":true,"href":"https:\/\/debergop.be\/index.php?rest_route=%2Fwp%2Fv2%2Ftags&post=6472"}],"curies":[{"name":"wp","href":"https:\/\/api.w.org\/{rel}","templated":true}]}}