{"id":4763,"date":"2020-06-03T08:22:38","date_gmt":"2020-06-03T07:22:38","guid":{"rendered":"https:\/\/www.debergop.be\/?p=4763"},"modified":"2020-06-03T08:22:38","modified_gmt":"2020-06-03T07:22:38","slug":"de-kikkerklas-is-een-buitenklas","status":"publish","type":"post","link":"https:\/\/debergop.be\/?p=4763","title":{"rendered":"De kikkerklas is een buitenklas!"},"content":{"rendered":"\n<p>De kleuters van de 3de kleuterklas gaan een uitdaging aan. Ze willen de rest van het schooljaar buiten blijven. Coronaproof is dit zeker: v\u00e9\u00e9\u00e9\u00e9l plaats en in de buitenlucht. <\/p>\n\n\n\n<p>Ziehier enkele foto&#8217;s van de nieuwe klas!<\/p>\n\n\n\n<figure class=\"wp-block-image\"><img loading=\"lazy\" decoding=\"async\" width=\"782\" height=\"586\" src=\"https:\/\/www.debergop.be\/wp-content\/uploads\/2020\/06\/DSCN4430.jpg\" alt=\"\" class=\"wp-image-4764\" srcset=\"https:\/\/debergop.be\/wp-content\/uploads\/2020\/06\/DSCN4430.jpg 782w, https:\/\/debergop.be\/wp-content\/uploads\/2020\/06\/DSCN4430-300x225.jpg 300w, https:\/\/debergop.be\/wp-content\/uploads\/2020\/06\/DSCN4430-768x576.jpg 768w, https:\/\/debergop.be\/wp-content\/uploads\/2020\/06\/DSCN4430-400x300.jpg 400w\" sizes=\"auto, (max-width: 782px) 100vw, 782px\" \/><\/figure>\n\n\n\n<figure class=\"wp-block-image\"><img loading=\"lazy\" decoding=\"async\" width=\"782\" height=\"586\" src=\"https:\/\/www.debergop.be\/wp-content\/uploads\/2020\/06\/DSCN4446.jpg\" alt=\"\" class=\"wp-image-4765\" srcset=\"https:\/\/debergop.be\/wp-content\/uploads\/2020\/06\/DSCN4446.jpg 782w, https:\/\/debergop.be\/wp-content\/uploads\/2020\/06\/DSCN4446-300x225.jpg 300w, https:\/\/debergop.be\/wp-content\/uploads\/2020\/06\/DSCN4446-768x576.jpg 768w, https:\/\/debergop.be\/wp-content\/uploads\/2020\/06\/DSCN4446-400x300.jpg 400w\" sizes=\"auto, (max-width: 782px) 100vw, 782px\" \/><\/figure>\n\n\n\n<figure class=\"wp-block-image\"><img loading=\"lazy\" decoding=\"async\" width=\"782\" height=\"586\" src=\"https:\/\/www.debergop.be\/wp-content\/uploads\/2020\/06\/DSCN4436.jpg\" alt=\"\" class=\"wp-image-4767\" srcset=\"https:\/\/debergop.be\/wp-content\/uploads\/2020\/06\/DSCN4436.jpg 782w, https:\/\/debergop.be\/wp-content\/uploads\/2020\/06\/DSCN4436-300x225.jpg 300w, https:\/\/debergop.be\/wp-content\/uploads\/2020\/06\/DSCN4436-768x576.jpg 768w, https:\/\/debergop.be\/wp-content\/uploads\/2020\/06\/DSCN4436-400x300.jpg 400w\" sizes=\"auto, (max-width: 782px) 100vw, 782px\" \/><\/figure>\n","protected":false},"excerpt":{"rendered":"<p>De kleuters van de 3de kleuterklas gaan een uitdaging aan. Ze willen de rest van het schooljaar buiten blijven. Coronaproof is dit zeker: v\u00e9\u00e9\u00e9\u00e9l plaats en in de buitenlucht. Ziehier enkele foto&#8217;s van de nieuwe klas!<\/p>\n","protected":false},"author":2,"featured_media":0,"comment_status":"closed","ping_status":"closed","sticky":false,"template":"","format":"standard","meta":{"footnotes":""},"categories":[3],"tags":[],"class_list":["post-4763","post","type-post","status-publish","format-standard","hentry","category-schoolnieuws"],"_links":{"self":[{"href":"https:\/\/debergop.be\/index.php?rest_route=\/wp\/v2\/posts\/4763","targetHints":{"allow":["GET"]}}],"collection":[{"href":"https:\/\/debergop.be\/index.php?rest_route=\/wp\/v2\/posts"}],"about":[{"href":"https:\/\/debergop.be\/index.php?rest_route=\/wp\/v2\/types\/post"}],"author":[{"embeddable":true,"href":"https:\/\/debergop.be\/index.php?rest_route=\/wp\/v2\/users\/2"}],"replies":[{"embeddable":true,"href":"https:\/\/debergop.be\/index.php?rest_route=%2Fwp%2Fv2%2Fcomments&post=4763"}],"version-history":[{"count":0,"href":"https:\/\/debergop.be\/index.php?rest_route=\/wp\/v2\/posts\/4763\/revisions"}],"wp:attachment":[{"href":"https:\/\/debergop.be\/index.php?rest_route=%2Fwp%2Fv2%2Fmedia&parent=4763"}],"wp:term":[{"taxonomy":"category","embeddable":true,"href":"https:\/\/debergop.be\/index.php?rest_route=%2Fwp%2Fv2%2Fcategories&post=4763"},{"taxonomy":"post_tag","embeddable":true,"href":"https:\/\/debergop.be\/index.php?rest_route=%2Fwp%2Fv2%2Ftags&post=4763"}],"curies":[{"name":"wp","href":"https:\/\/api.w.org\/{rel}","templated":true}]}}