{"id":4515,"date":"2019-11-22T14:55:05","date_gmt":"2019-11-22T13:55:05","guid":{"rendered":"https:\/\/www.debergop.be\/?p=4515"},"modified":"2019-11-22T14:55:05","modified_gmt":"2019-11-22T13:55:05","slug":"verover-de-ruimte","status":"publish","type":"post","link":"https:\/\/debergop.be\/?p=4515","title":{"rendered":"Verover de ruimte!"},"content":{"rendered":"\n<div class=\"wp-block-image\"><figure class=\"aligncenter\"><img loading=\"lazy\" decoding=\"async\" width=\"220\" height=\"229\" src=\"https:\/\/www.debergop.be\/wp-content\/uploads\/2019\/11\/download-1.jpg\" alt=\"\" class=\"wp-image-4517\"\/><\/figure><\/div>\n\n\n\n<p>WIST JE DAT&#8230;<\/p>\n\n\n\n<p>\u2026er in Vlaanderen meer dan 7 miljoen parkeerplaatsen zijn? Dat is m\u00e9\u00e9r dan er Vlamingen zijn!<\/p>\n\n\n\n<p>\u2026er in Vlaanderen ruim 3.5 miljoen wagens zijn ingeschreven?<\/p>\n\n\n\n<p>&#8230; de gemiddelde Vlaamse wagen 23u\/dag stilstaat?<\/p>\n\n\n\n<p>\u2026\u00e9\u00e9n gedeelde wagen 4 tot 12 priv\u00e9wagens vervangt? Dat is 90 m\u00b2 die vrijkomt voor groen-, speel- en ontmoetingsruimte en &nbsp;aantrekkelijke infrastructuur voor actieve verplaatsingen!<\/p>\n\n\n\n<p>\u2026autodelers gemiddeld minder autokilometers afleggen? Dat komt ook onze luchtkwaliteit en het klimaat ten goede!<\/p>\n\n\n\n<p><strong>Vandaag hebben we voor \u00e9\u00e9n dag een parkeerplaats ingepalmd en er een buitenklas van gemaakt. Iedere klas kreeg er les en deze middag was dit de eetplaats van de leerkrachten.<\/strong><\/p>\n\n\n\n<figure class=\"wp-block-image\"><img loading=\"lazy\" decoding=\"async\" width=\"1024\" height=\"768\" src=\"https:\/\/www.debergop.be\/wp-content\/uploads\/2019\/11\/IMG-20191122-WA0000-1024x768.jpg\" alt=\"\" class=\"wp-image-4516\" srcset=\"https:\/\/debergop.be\/wp-content\/uploads\/2019\/11\/IMG-20191122-WA0000-1024x768.jpg 1024w, https:\/\/debergop.be\/wp-content\/uploads\/2019\/11\/IMG-20191122-WA0000-300x225.jpg 300w, https:\/\/debergop.be\/wp-content\/uploads\/2019\/11\/IMG-20191122-WA0000-768x576.jpg 768w, https:\/\/debergop.be\/wp-content\/uploads\/2019\/11\/IMG-20191122-WA0000-400x300.jpg 400w, https:\/\/debergop.be\/wp-content\/uploads\/2019\/11\/IMG-20191122-WA0000.jpg 1920w\" sizes=\"auto, (max-width: 1024px) 100vw, 1024px\" \/><\/figure>\n","protected":false},"excerpt":{"rendered":"<p>WIST JE DAT&#8230; \u2026er in Vlaanderen meer dan 7 miljoen parkeerplaatsen zijn? Dat is m\u00e9\u00e9r dan er Vlamingen zijn! \u2026er in Vlaanderen ruim 3.5 miljoen wagens zijn ingeschreven? &#8230; de gemiddelde Vlaamse wagen 23u\/dag stilstaat? \u2026\u00e9\u00e9n gedeelde wagen 4 tot &hellip; <a href=\"https:\/\/debergop.be\/?p=4515\">Lees verder <span class=\"meta-nav\">&rarr;<\/span><\/a><\/p>\n","protected":false},"author":2,"featured_media":0,"comment_status":"closed","ping_status":"closed","sticky":false,"template":"","format":"standard","meta":{"footnotes":""},"categories":[3],"tags":[],"class_list":["post-4515","post","type-post","status-publish","format-standard","hentry","category-schoolnieuws"],"_links":{"self":[{"href":"https:\/\/debergop.be\/index.php?rest_route=\/wp\/v2\/posts\/4515","targetHints":{"allow":["GET"]}}],"collection":[{"href":"https:\/\/debergop.be\/index.php?rest_route=\/wp\/v2\/posts"}],"about":[{"href":"https:\/\/debergop.be\/index.php?rest_route=\/wp\/v2\/types\/post"}],"author":[{"embeddable":true,"href":"https:\/\/debergop.be\/index.php?rest_route=\/wp\/v2\/users\/2"}],"replies":[{"embeddable":true,"href":"https:\/\/debergop.be\/index.php?rest_route=%2Fwp%2Fv2%2Fcomments&post=4515"}],"version-history":[{"count":0,"href":"https:\/\/debergop.be\/index.php?rest_route=\/wp\/v2\/posts\/4515\/revisions"}],"wp:attachment":[{"href":"https:\/\/debergop.be\/index.php?rest_route=%2Fwp%2Fv2%2Fmedia&parent=4515"}],"wp:term":[{"taxonomy":"category","embeddable":true,"href":"https:\/\/debergop.be\/index.php?rest_route=%2Fwp%2Fv2%2Fcategories&post=4515"},{"taxonomy":"post_tag","embeddable":true,"href":"https:\/\/debergop.be\/index.php?rest_route=%2Fwp%2Fv2%2Ftags&post=4515"}],"curies":[{"name":"wp","href":"https:\/\/api.w.org\/{rel}","templated":true}]}}